{"id":2037,"date":"2018-04-26T16:16:47","date_gmt":"2018-04-26T13:16:47","guid":{"rendered":"https:\/\/labora.ee\/et\/?p=2037"},"modified":"2019-04-02T13:24:40","modified_gmt":"2019-04-02T10:24:40","slug":"uuenduslikud-tootoad","status":"publish","type":"post","link":"https:\/\/labora.ee\/et\/uuenduslikud-tootoad\/","title":{"rendered":"Uuenduslikud t\u00f6\u00f6toad iidsete m\u00fc\u00fcride vahel"},"content":{"rendered":"<p><img loading=\"lazy\" decoding=\"async\" class=\" wp-image-2107 alignleft\" src=\"https:\/\/labora.ee\/et\/wp-content\/uploads\/2018\/04\/DSC_0508.jpg\" alt=\"\" width=\"333\" height=\"500\" srcset=\"https:\/\/labora.ee\/et\/wp-content\/uploads\/2018\/04\/DSC_0508.jpg 533w, https:\/\/labora.ee\/et\/wp-content\/uploads\/2018\/04\/DSC_0508-200x300.jpg 200w, https:\/\/labora.ee\/et\/wp-content\/uploads\/2018\/04\/DSC_0508-510x765.jpg 510w\" sizes=\"(max-width: 333px) 100vw, 333px\" \/><\/p>\n<p>Kolmanda <a href=\"http:\/\/www.creativemakers.eu\/et\/\">Creative Makersi<\/a> partnerite kohtumise korraldasime meie, Laboras. Kohtumine toimus ajaloolises Tallinna Vanalinnas. Keegi meie k\u00fclalistest polnud varasemalt Tallinnat ega ka Eestit k\u00fclastanud, nii et lisaks oma t\u00f6\u00f6tubade tutvustamisele, saime neile r\u00e4\u00e4kida ka Eesti kommetest ning aaretest, mis Tallinna Vanalinnas peituvad.<\/p>\n<p>Kuna meie kohtumine langes Eesti kevade esimeste soojadele ilmadele, olime entusiasmist pakatamas. Meie s\u00f5brad Hispaaniast meiega muidugi ei n\u00f5ustunud ning pidasid meie ilma pigem s\u00fcdatalveks.<\/p>\n<p>Sellel kohtumisel oli meil v\u00f5imalus oma k\u00fclalisi v\u00f5\u00f5rustada, mist\u00f5ttu lasime neil kogeda meil k\u00f5ige populaarsemais t\u00f6\u00f6tubades. Alustasime k\u00f5ige algusest. Selleks, et \u00fcldse tr\u00fckikunstini j\u00f5uda, tuleb esmalt r\u00e4\u00e4kida sellest, mille peale tr\u00fckkida &#8211; t\u00e4psemalt paberist. Tutvustasime neile iidset paberivalmistamise meetodit, mida praktiseerime oma t\u00f6\u00f6tubades senimaani. Iga\u00fcks sai v\u00f5imaluse valmistada endale ise paber, millele kodus n\u00e4iteks armastuskirju kirjutada v\u00f5i ka dokumente tr\u00fckkida.<\/p>\n<p>Et meie kallid k\u00fclalised saaksid nautida Tallinna \u00fcht kaunimat, aga ka privaatsemat vaadet, viisime nad Vanalinna tornis asuvasse kiikhobumuuseumisse. Anatoli, meie k\u00f5ige eakam ning haritum Labora liige, n\u00e4itas meile seal oma meisterdatud puidust m\u00e4nguasju ning pajatas nende abil arhailisi lugusid. Ta tuletas meile meelde, et lapsed suhtlevad m\u00e4ngides ning \u00f5petas meidki, kuidas nukkude ja m\u00e4ngu abil lugusid jutustada. T\u00f5estades l\u00e4bi selle, et hea tahtmise ning leidlikkuse juures pole keelebarj\u00e4\u00e4r suhtlemisel mingiks takistuseks.<\/p>\n<p><a href=\"https:\/\/labora.ee\/et\/wp-content\/uploads\/2018\/04\/DSC_0559.jpg\"><img loading=\"lazy\" decoding=\"async\" class=\" wp-image-2108 alignright\" src=\"https:\/\/labora.ee\/et\/wp-content\/uploads\/2018\/04\/DSC_0559.jpg\" alt=\"\" width=\"333\" height=\"500\" srcset=\"https:\/\/labora.ee\/et\/wp-content\/uploads\/2018\/04\/DSC_0559.jpg 533w, https:\/\/labora.ee\/et\/wp-content\/uploads\/2018\/04\/DSC_0559-200x300.jpg 200w, https:\/\/labora.ee\/et\/wp-content\/uploads\/2018\/04\/DSC_0559-510x765.jpg 510w\" sizes=\"(max-width: 333px) 100vw, 333px\" \/><\/a><\/p>\n<p>Kuna lihav\u00f5tete t\u00e4histamine oli v\u00e4rskelt meeles ning kevad juba ukse ees, n\u00e4itasime oma s\u00f5pradele, kuidas seemnepomme valmistada. Seemnepommid on armsad v\u00e4rvilised pallid, mida on h\u00f5lbus valmistada paberij\u00e4\u00e4kidest ning nagu nimi juba \u00fctleb, seemnetest. Seemnepomme saab koju aknapeale v\u00f5i s\u00f5bra aeda poetada, et maitsetaimed ning lille\u00f5ied k\u00f5ikjal vohaksid. Nende valmistamisel \u00fchendasime kasuliku l\u00f5busaga ning ka meie k\u00fclalised muutusid neid valmistades eriti loominguliseks. Kuigi alustasime pallide veeretamisega, siis peatselt voolisid k\u00f5ik juba kuubikukujulisi v\u00f5i koduloomi meenutavaid seemnepomme. Koju naastes saavad meie partnerid oma s\u00f5pradele neid kingiks viia, aeda istutada v\u00f5i j\u00e4rgnevatel lihav\u00f5tetel nendega kodu dekoreerida.<\/p>\n<p>P\u00e4rast pikka p\u00e4eva workshoppides rassimist, lubasime oma usinatele k\u00e4tele v\u00e4ikse puhkuse ning rakendasime t\u00f6\u00f6le k\u00f5rvad. K\u00fclastasime kunstnike duo <a href=\"http:\/\/www.varvarag.info\/\">Varvara &amp; Mar stuudiot<\/a> \u00a0Arsi majas ning v\u00f5tsime osa nende talkshopist. Saime teadmisi kaasaegsetest tehnoloogiatest ning kuidas \u00fchendada traditsioonilist k\u00e4sit\u00f6\u00f6d kaasaaegsete masinatega. S\u00fcgavat muljet avaldas nende loodud heegeldamismasin. Leidsime, et meil on neilt palju \u00f5ppida.<\/p>\n<p>Teisel p\u00e4eval tutvustas meie kogenud tr\u00fckimeister Hannah partneritele kohalikke tr\u00fckimasinaid, mida kasutades said k\u00f5ik k\u00e4ed valgeks, m\u00f5ni ka lausa tindiseks, teha.<\/p>\n<p>Hannah\u00b4i l\u00e4bi viidud t\u00f6\u00f6toas kujundasime postkaarte, mida osalejad hiljem s\u00f5pradele saatsid. Nii m\u00f5nigi saatis koju kirja lausa iseendale.<\/p>\n<p>J\u00e4rgnevas t\u00f6\u00f6toas andis Hannah osalejaile vabastava ja samas piirava \u00fclesande. Ta asetas lauale sadu t\u00e4hti, innustades neid kasutama, kuid mitte kirjutamiseks. Pidime lugusid jutustama ja pilte tr\u00fckkima ilma s\u00f5nu kasutamata. See oli v\u00e4ga meeleolukas ja hariv kogemus. Ning tundus, et vast isegi meie k\u00f5ige populaarsem t\u00f6\u00f6tuba. Sest j\u00e4rgneval p\u00e4eval arutlesid k\u00f5ik, kuidas seda <a href=\"http:\/\/www.creativemakers.eu\/et\/\">CREAM projektis<\/a> kasutada ning oma ettev\u00f5ttele vastavalt kohandada. M\u00f5ni k\u00fclaline l\u00e4ks nii hoogu, et j\u00e4rgmiste t\u00f6\u00f6tubade juurde asumiseks pidime l\u00f5puks tindi ja t\u00e4hed \u00e4ra peitma.<\/p>\n<p><a href=\"https:\/\/labora.ee\/et\/wp-content\/uploads\/2018\/04\/DSC_0397-2.jpg\"><img loading=\"lazy\" decoding=\"async\" class=\" wp-image-2109 aligncenter\" src=\"https:\/\/labora.ee\/et\/wp-content\/uploads\/2018\/04\/DSC_0397-2.jpg\" alt=\"\" width=\"650\" height=\"377\" srcset=\"https:\/\/labora.ee\/et\/wp-content\/uploads\/2018\/04\/DSC_0397-2.jpg 1132w, https:\/\/labora.ee\/et\/wp-content\/uploads\/2018\/04\/DSC_0397-2-300x174.jpg 300w, https:\/\/labora.ee\/et\/wp-content\/uploads\/2018\/04\/DSC_0397-2-768x445.jpg 768w, https:\/\/labora.ee\/et\/wp-content\/uploads\/2018\/04\/DSC_0397-2-1024x593.jpg 1024w, https:\/\/labora.ee\/et\/wp-content\/uploads\/2018\/04\/DSC_0397-2-1080x626.jpg 1080w, https:\/\/labora.ee\/et\/wp-content\/uploads\/2018\/04\/DSC_0397-2-510x296.jpg 510w\" sizes=\"(max-width: 650px) 100vw, 650px\" \/><\/a><\/p>\n<p>Nestor, Labora juht, \u00f5petas k\u00fclalistele kuidas fotopol\u00fcmeri tehnikas tr\u00fckkida. \u00dclesande p\u00fcstitus oli m\u00f5tlemapanev, sest pidime kujunduse looma ju pahu- ja tagurpidi, kuid tulemused said seda huvitavamad. See oli v\u00f5imalus kunstniku-m\u00f5tlemist arendada ja ajumusklit kasvatada.<\/p>\n<p><a href=\"https:\/\/labora.ee\/et\/wp-content\/uploads\/2018\/04\/DSC_0365.jpg\"><img loading=\"lazy\" decoding=\"async\" class=\"wp-image-2110 aligncenter\" src=\"https:\/\/labora.ee\/et\/wp-content\/uploads\/2018\/04\/DSC_0365.jpg\" alt=\"\" width=\"650\" height=\"482\" srcset=\"https:\/\/labora.ee\/et\/wp-content\/uploads\/2018\/04\/DSC_0365.jpg 800w, https:\/\/labora.ee\/et\/wp-content\/uploads\/2018\/04\/DSC_0365-300x222.jpg 300w, https:\/\/labora.ee\/et\/wp-content\/uploads\/2018\/04\/DSC_0365-768x569.jpg 768w, https:\/\/labora.ee\/et\/wp-content\/uploads\/2018\/04\/DSC_0365-510x378.jpg 510w\" sizes=\"(max-width: 650px) 100vw, 650px\" \/><\/a><\/p>\n<p>Viimasel p\u00e4eval tutvustasime k\u00fclalistele kartulitr\u00fckki. Kartulitr\u00fcki traditsioon on Eestis v\u00e4ga armastatud ning seda kinnitab ka 10 aastat v\u00e4ldanud Kartulifestival. Kartulitr\u00fckk on taaskasutust propageeriv ning samas ka m\u00e4nguline viis lastele tr\u00fckimaailma l\u00e4hemale toomiseks. Ka k\u00f5ik meie k\u00fclalised olid sellega \u00a0varasemalt kokku puutunud, aga mitte nii nagu see meil plaanitud oli. \u00dcllatasime osalejaid, kasutades tavalise tu\u0161\u0161i asemel toiduv\u00e4rvi ja nii said k\u00fclalised lisaks paberile ka meie magusrooga dekoreerida. L\u00f5puks j\u00f5udsid v\u00e4rvilised kartulitemplid ahju ning hiljem katsime nendega peolauda.<\/p>\n<p><a href=\"https:\/\/labora.ee\/et\/wp-content\/uploads\/2018\/04\/DSC_0511-1.jpg\"><img loading=\"lazy\" decoding=\"async\" class=\" wp-image-2111 aligncenter\" src=\"https:\/\/labora.ee\/et\/wp-content\/uploads\/2018\/04\/DSC_0511-1.jpg\" alt=\"\" width=\"650\" height=\"433\" srcset=\"https:\/\/labora.ee\/et\/wp-content\/uploads\/2018\/04\/DSC_0511-1.jpg 1200w, https:\/\/labora.ee\/et\/wp-content\/uploads\/2018\/04\/DSC_0511-1-300x200.jpg 300w, https:\/\/labora.ee\/et\/wp-content\/uploads\/2018\/04\/DSC_0511-1-768x512.jpg 768w, https:\/\/labora.ee\/et\/wp-content\/uploads\/2018\/04\/DSC_0511-1-1024x683.jpg 1024w, https:\/\/labora.ee\/et\/wp-content\/uploads\/2018\/04\/DSC_0511-1-1080x720.jpg 1080w, https:\/\/labora.ee\/et\/wp-content\/uploads\/2018\/04\/DSC_0511-1-510x340.jpg 510w\" sizes=\"(max-width: 650px) 100vw, 650px\" \/><\/a><\/p>\n<p>Kui te n\u00fc\u00fcd k\u00fcsite, et kuidas me k\u00fcll nii palju t\u00f6\u00f6tubasid 3 p\u00e4eva \u00e4ra mahutasime, siis see \u00fcllatab meid endidki. Kuid nagu eestlastel on kombeks \u00f6elda: \u201eKes teeb, see j\u00f5uab!\u201c<\/p>\n<p>Meie j\u00e4rgmine kohtumine toimub juba juunikuus p\u00e4ikeselises Vilanovas. Sellel kohtumisel jagavad oma kogemusi meiega Neapolis meeskond ning keskendume peamiselt laste t\u00f6\u00f6tubade loomisele. Meie seminaride eesm\u00e4rk on kombineerida traditsioonilist k\u00f5rgtr\u00fckki kaasaegsete tehnoloogiatega, l\u00e4bi mille soovime julgustada lapsi t\u00fcpograafia ja tr\u00fckikunstiga tutvust looma. Kutsume teid proovit\u00f6\u00f6tubadega \u00fchinema. J\u00e4ta meile oma e-kiri, et saada v\u00e4rskeid uudiseid peagi valmivatest t\u00f6\u00f6tubadest. Liitu uudiskirjaga <a href=\"http:\/\/eepurl.com\/cVtldb\">siin<\/a>.<\/p>\n<p><a href=\"https:\/\/labora.ee\/et\/wp-content\/uploads\/2018\/04\/LogosBeneficairesCreativeEuropeLEFT_ET.jpg\"><img loading=\"lazy\" decoding=\"async\" class=\"alignnone size-medium wp-image-2100\" src=\"https:\/\/labora.ee\/et\/wp-content\/uploads\/2018\/04\/LogosBeneficairesCreativeEuropeLEFT_ET-300x66.jpg\" alt=\"\" width=\"300\" height=\"66\" srcset=\"https:\/\/labora.ee\/et\/wp-content\/uploads\/2018\/04\/LogosBeneficairesCreativeEuropeLEFT_ET-300x66.jpg 300w, https:\/\/labora.ee\/et\/wp-content\/uploads\/2018\/04\/LogosBeneficairesCreativeEuropeLEFT_ET-768x169.jpg 768w, https:\/\/labora.ee\/et\/wp-content\/uploads\/2018\/04\/LogosBeneficairesCreativeEuropeLEFT_ET-1024x225.jpg 1024w, https:\/\/labora.ee\/et\/wp-content\/uploads\/2018\/04\/LogosBeneficairesCreativeEuropeLEFT_ET-1080x237.jpg 1080w, https:\/\/labora.ee\/et\/wp-content\/uploads\/2018\/04\/LogosBeneficairesCreativeEuropeLEFT_ET-510x112.jpg 510w\" sizes=\"(max-width: 300px) 100vw, 300px\" \/><\/a><\/p>\n<p>&nbsp;<\/p>\n","protected":false},"excerpt":{"rendered":"<p>Kolmanda Creative Makersi partnerite kohtumise korraldasime meie, Laboras. Kohtumine toimus ajaloolises Tallinna Vanalinnas. Keegi meie k\u00fclalistest polnud varasemalt Tallinnat ega ka Eestit k\u00fclastanud, nii et lisaks oma t\u00f6\u00f6tubade tutvustamisele, saime neile r\u00e4\u00e4kida ka Eesti kommetest ning aaretest, mis Tallinna Vanalinnas peituvad. Kuna meie kohtumine langes Eesti kevade esimeste soojadele ilmadele, olime entusiasmist pakatamas. Meie s\u00f5brad [&hellip;]<\/p>\n","protected":false},"author":5,"featured_media":2112,"comment_status":"open","ping_status":"open","sticky":false,"template":"","format":"standard","meta":{"_et_pb_use_builder":"","_et_pb_old_content":"","_et_gb_content_width":"","footnotes":""},"categories":[31],"tags":[],"class_list":["post-2037","post","type-post","status-publish","format-standard","has-post-thumbnail","hentry","category-news"],"_links":{"self":[{"href":"https:\/\/labora.ee\/et\/wp-json\/wp\/v2\/posts\/2037","targetHints":{"allow":["GET"]}}],"collection":[{"href":"https:\/\/labora.ee\/et\/wp-json\/wp\/v2\/posts"}],"about":[{"href":"https:\/\/labora.ee\/et\/wp-json\/wp\/v2\/types\/post"}],"author":[{"embeddable":true,"href":"https:\/\/labora.ee\/et\/wp-json\/wp\/v2\/users\/5"}],"replies":[{"embeddable":true,"href":"https:\/\/labora.ee\/et\/wp-json\/wp\/v2\/comments?post=2037"}],"version-history":[{"count":4,"href":"https:\/\/labora.ee\/et\/wp-json\/wp\/v2\/posts\/2037\/revisions"}],"predecessor-version":[{"id":2114,"href":"https:\/\/labora.ee\/et\/wp-json\/wp\/v2\/posts\/2037\/revisions\/2114"}],"wp:featuredmedia":[{"embeddable":true,"href":"https:\/\/labora.ee\/et\/wp-json\/wp\/v2\/media\/2112"}],"wp:attachment":[{"href":"https:\/\/labora.ee\/et\/wp-json\/wp\/v2\/media?parent=2037"}],"wp:term":[{"taxonomy":"category","embeddable":true,"href":"https:\/\/labora.ee\/et\/wp-json\/wp\/v2\/categories?post=2037"},{"taxonomy":"post_tag","embeddable":true,"href":"https:\/\/labora.ee\/et\/wp-json\/wp\/v2\/tags?post=2037"}],"curies":[{"name":"wp","href":"https:\/\/api.w.org\/{rel}","templated":true}]}}